{"id":2729,"date":"2025-10-01T12:22:09","date_gmt":"2025-10-01T10:22:09","guid":{"rendered":"https:\/\/ehpadcentrecreusecombraille.fr\/espace-pro\/?p=2729"},"modified":"2025-10-02T13:59:33","modified_gmt":"2025-10-02T11:59:33","slug":"index-de-legalite-professionnelle-annee-2024","status":"publish","type":"post","link":"https:\/\/ehpadcentrecreusecombraille.fr\/espace-pro\/2025\/10\/01\/index-de-legalite-professionnelle-annee-2024\/","title":{"rendered":"Index de l\u2019\u00e9galit\u00e9 professionnelle \u2013 Ann\u00e9e 2024"},"content":{"rendered":"\n<p>Dans le cadre de l\u2019enqu\u00eate men\u00e9e par l\u2019ARS sur l\u2019<strong>index de l\u2019\u00e9galit\u00e9 professionnelle dans la fonction publique hospitali\u00e8re pour l\u2019ann\u00e9e 2024<\/strong>, nous partageons avec vous les r\u00e9sultats et les axes de progression retenus.<\/p>\n\n\n\n<div data-wp-interactive=\"core\/file\" class=\"wp-block-file\"><object data-wp-bind--hidden=\"!state.hasPdfPreview\" hidden class=\"wp-block-file__embed\" data=\"https:\/\/ehpadcentrecreusecombraille.fr\/espace-pro\/wp-content\/uploads\/sites\/6\/2025\/10\/Index-de-legalite-professionnelle-FPH-2024.pdf\" type=\"application\/pdf\" style=\"width:100%;height:600px\" aria-label=\"PDF embarqu\u00e9\"><\/object><a href=\"https:\/\/ehpadcentrecreusecombraille.fr\/espace-pro\/wp-content\/uploads\/sites\/6\/2025\/10\/Index-de-legalite-professionnelle-FPH-2024.pdf\" class=\"wp-block-file__button wp-element-button\" download>T\u00e9l\u00e9charger<\/a><\/div>\n","protected":false},"excerpt":{"rendered":"<p>Dans le cadre de l\u2019enqu\u00eate men\u00e9e par l\u2019ARS sur l\u2019index de l\u2019\u00e9galit\u00e9 professionnelle dans la fonction publique hospitali\u00e8re pour l\u2019ann\u00e9e [&hellip;]<\/p>\n","protected":false},"author":2,"featured_media":2730,"comment_status":"open","ping_status":"open","sticky":false,"template":"","format":"standard","meta":{"_uag_custom_page_level_css":"","site-sidebar-layout":"default","site-content-layout":"","ast-site-content-layout":"default","site-content-style":"default","site-sidebar-style":"default","ast-global-header-display":"","ast-banner-title-visibility":"","ast-main-header-display":"","ast-hfb-above-header-display":"","ast-hfb-below-header-display":"","ast-hfb-mobile-header-display":"","site-post-title":"","ast-breadcrumbs-content":"","ast-featured-img":"","footer-sml-layout":"","ast-disable-related-posts":"","theme-transparent-header-meta":"","adv-header-id-meta":"","stick-header-meta":"","header-above-stick-meta":"","header-main-stick-meta":"","header-below-stick-meta":"","astra-migrate-meta-layouts":"set","ast-page-background-enabled":"default","ast-page-background-meta":{"desktop":{"background-color":"var(--ast-global-color-4)","background-image":"","background-repeat":"repeat","background-position":"center center","background-size":"auto","background-attachment":"scroll","background-type":"","background-media":"","overlay-type":"","overlay-color":"","overlay-opacity":"","overlay-gradient":""},"tablet":{"background-color":"","background-image":"","background-repeat":"repeat","background-position":"center center","background-size":"auto","background-attachment":"scroll","background-type":"","background-media":"","overlay-type":"","overlay-color":"","overlay-opacity":"","overlay-gradient":""},"mobile":{"background-color":"","background-image":"","background-repeat":"repeat","background-position":"center center","background-size":"auto","background-attachment":"scroll","background-type":"","background-media":"","overlay-type":"","overlay-color":"","overlay-opacity":"","overlay-gradient":""}},"ast-content-background-meta":{"desktop":{"background-color":"var(--ast-global-color-5)","background-image":"","background-repeat":"repeat","background-position":"center center","background-size":"auto","background-attachment":"scroll","background-type":"","background-media":"","overlay-type":"","overlay-color":"","overlay-opacity":"","overlay-gradient":""},"tablet":{"background-color":"var(--ast-global-color-5)","background-image":"","background-repeat":"repeat","background-position":"center center","background-size":"auto","background-attachment":"scroll","background-type":"","background-media":"","overlay-type":"","overlay-color":"","overlay-opacity":"","overlay-gradient":""},"mobile":{"background-color":"var(--ast-global-color-5)","background-image":"","background-repeat":"repeat","background-position":"center center","background-size":"auto","background-attachment":"scroll","background-type":"","background-media":"","overlay-type":"","overlay-color":"","overlay-opacity":"","overlay-gradient":""}},"footnotes":""},"categories":[8],"tags":[],"class_list":["post-2729","post","type-post","status-publish","format-standard","has-post-thumbnail","hentry","category-offres-demplois"],"uagb_featured_image_src":{"full":["https:\/\/ehpadcentrecreusecombraille.fr\/espace-pro\/wp-content\/uploads\/sites\/6\/2025\/10\/Couverture-sites-web.png",2000,1428,false],"thumbnail":["https:\/\/ehpadcentrecreusecombraille.fr\/espace-pro\/wp-content\/uploads\/sites\/6\/2025\/10\/Couverture-sites-web-150x150.png",150,150,true],"medium":["https:\/\/ehpadcentrecreusecombraille.fr\/espace-pro\/wp-content\/uploads\/sites\/6\/2025\/10\/Couverture-sites-web-300x214.png",300,214,true],"medium_large":["https:\/\/ehpadcentrecreusecombraille.fr\/espace-pro\/wp-content\/uploads\/sites\/6\/2025\/10\/Couverture-sites-web-768x548.png",768,548,true],"large":["https:\/\/ehpadcentrecreusecombraille.fr\/espace-pro\/wp-content\/uploads\/sites\/6\/2025\/10\/Couverture-sites-web-1024x731.png",1024,731,true],"1536x1536":["https:\/\/ehpadcentrecreusecombraille.fr\/espace-pro\/wp-content\/uploads\/sites\/6\/2025\/10\/Couverture-sites-web-1536x1097.png",1536,1097,true],"2048x2048":["https:\/\/ehpadcentrecreusecombraille.fr\/espace-pro\/wp-content\/uploads\/sites\/6\/2025\/10\/Couverture-sites-web.png",2000,1428,false]},"uagb_author_info":{"display_name":"azoure","author_link":"https:\/\/ehpadcentrecreusecombraille.fr\/espace-pro\/author\/azoure\/"},"uagb_comment_info":0,"uagb_excerpt":"Dans le cadre de l\u2019enqu\u00eate men\u00e9e par l\u2019ARS sur l\u2019index de l\u2019\u00e9galit\u00e9 professionnelle dans la fonction publique hospitali\u00e8re pour l\u2019ann\u00e9e [&hellip;]","_links":{"self":[{"href":"https:\/\/ehpadcentrecreusecombraille.fr\/espace-pro\/wp-json\/wp\/v2\/posts\/2729","targetHints":{"allow":["GET"]}}],"collection":[{"href":"https:\/\/ehpadcentrecreusecombraille.fr\/espace-pro\/wp-json\/wp\/v2\/posts"}],"about":[{"href":"https:\/\/ehpadcentrecreusecombraille.fr\/espace-pro\/wp-json\/wp\/v2\/types\/post"}],"author":[{"embeddable":true,"href":"https:\/\/ehpadcentrecreusecombraille.fr\/espace-pro\/wp-json\/wp\/v2\/users\/2"}],"replies":[{"embeddable":true,"href":"https:\/\/ehpadcentrecreusecombraille.fr\/espace-pro\/wp-json\/wp\/v2\/comments?post=2729"}],"version-history":[{"count":1,"href":"https:\/\/ehpadcentrecreusecombraille.fr\/espace-pro\/wp-json\/wp\/v2\/posts\/2729\/revisions"}],"predecessor-version":[{"id":2732,"href":"https:\/\/ehpadcentrecreusecombraille.fr\/espace-pro\/wp-json\/wp\/v2\/posts\/2729\/revisions\/2732"}],"wp:featuredmedia":[{"embeddable":true,"href":"https:\/\/ehpadcentrecreusecombraille.fr\/espace-pro\/wp-json\/wp\/v2\/media\/2730"}],"wp:attachment":[{"href":"https:\/\/ehpadcentrecreusecombraille.fr\/espace-pro\/wp-json\/wp\/v2\/media?parent=2729"}],"wp:term":[{"taxonomy":"category","embeddable":true,"href":"https:\/\/ehpadcentrecreusecombraille.fr\/espace-pro\/wp-json\/wp\/v2\/categories?post=2729"},{"taxonomy":"post_tag","embeddable":true,"href":"https:\/\/ehpadcentrecreusecombraille.fr\/espace-pro\/wp-json\/wp\/v2\/tags?post=2729"}],"curies":[{"name":"wp","href":"https:\/\/api.w.org\/{rel}","templated":true}]}}