{"id":4597,"date":"2026-02-11T12:07:17","date_gmt":"2026-02-11T11:07:17","guid":{"rendered":"https:\/\/ehpadcentrecreusecombraille.fr\/ehpad-les-signolles\/?p=4597"},"modified":"2026-02-13T09:56:44","modified_gmt":"2026-02-13T08:56:44","slug":"recrutement-infirmier-infirmiere-en-ehpad-h-f-23-boussac","status":"publish","type":"post","link":"https:\/\/ehpadcentrecreusecombraille.fr\/ehpad-les-signolles\/recrutement-infirmier-infirmiere-en-ehpad-h-f-23-boussac\/","title":{"rendered":"Recrutement Infirmier \/ Infirmi\u00e8re en EHPAD (H\/F) 23 &#8211; BOUSSAC"},"content":{"rendered":"\n<p>Rejoignez notre \u00e9quipe en tant qu&rsquo;Infirmier(e) dans un cadre agr\u00e9able et chaleureux ! Int\u00e9grez l&rsquo;EHPAD Eug\u00e8ne Romaine de Boussac, un \u00e9tablissement moderne de 85 lits d\u00e9di\u00e9 \u00e0 l&rsquo;h\u00e9bergement permanent, avec un P\u00f4le d&rsquo;Activit\u00e9s et de Soins Adapt\u00e9s (PASA). Situ\u00e9 \u00e0 la campagne, dans une ville de taille moyenne et dynamique, notre \u00e9tablissement \u00e0 taille humaine offre une ambiance conviviale et chaleureuse, id\u00e9ale pour travailler sereinement tout en profitant d&rsquo;un cadre de vie agr\u00e9able. Vous b\u00e9n\u00e9ficierez de toutes les commodit\u00e9s \u00e0 proximit\u00e9 : commerces, \u00e9coles, et un environnement s\u00e9curis\u00e9 pour toute la famille. Nous sommes id\u00e9alement situ\u00e9s pr\u00e8s de Gu\u00e9ret, La Chatre et Montlu\u00e7on, alliant tranquillit\u00e9 et acc\u00e8s facile aux services des grandes villes. <\/p>\n\n\n\n<p>Ce que nous offrons : <\/p>\n\n\n\n<ul class=\"wp-block-list\">\n<li>Poste en 12 heures pour une meilleure organisation de votre temps de travail en 100% <\/li>\n\n\n\n<li>Un environnement de travail \u00e0 taille humaine, calme et verdoyant, propice \u00e0 l&rsquo;\u00e9panouissement professionnel <\/li>\n\n\n\n<li>Une \u00e9quipe pluridisciplinaire solidaire et bienveillante dans une ambiance familiale -Primes motivantes pour valoriser votre engagement <\/li>\n\n\n\n<li>Acc\u00e8s au Comit\u00e9 d&rsquo;Entreprise (CE) avec divers avantages + CGOS &#8211; Restauration sur place pour plus de confort au quotidien (repas r\u00e9alis\u00e9s en interne)<\/li>\n\n\n\n<li>Formation continue et accompagnement des nouveaux arrivants <\/li>\n\n\n\n<li>Opportunit\u00e9s d&rsquo;\u00e9voluer et de contribuer activement aux projets de l&rsquo;\u00e9tablissement <\/li>\n<\/ul>\n\n\n\n<p>Vos missions principales : <\/p>\n\n\n\n<ul class=\"wp-block-list\">\n<li>Surveiller l&rsquo;\u00e9tat de sant\u00e9 g\u00e9n\u00e9ral des r\u00e9sidents et r\u00e9pondre \u00e0 leurs besoins en soins. <\/li>\n\n\n\n<li>R\u00e9aliser des soins individualis\u00e9s en respectant les r\u00e8gles d\u00e9ontologiques et professionnelles. <\/li>\n\n\n\n<li>Assurer la distribution et la s\u00e9curisation des m\u00e9dicaments tout en garantissant la tra\u00e7abilit\u00e9. <\/li>\n\n\n\n<li>Mettre \u00e0 jour les dossiers patients via le Dossier Usager Informatis\u00e9 (DUI) Osiris. <\/li>\n\n\n\n<li>\u00c9valuer r\u00e9guli\u00e8rement la charge en soin et ajuster le GIR des r\u00e9sidents. <\/li>\n\n\n\n<li>Accompagner les r\u00e9sidents et leurs familles dans leur parcours de soins, en lien avec leur projet de vie. <\/li>\n\n\n\n<li>Accueillir et encadrer les stagiaires IDE pour les aider \u00e0 se former dans les meilleures conditions. <\/li>\n\n\n\n<li>Participer activement aux r\u00e9unions d&rsquo;\u00e9quipe et collaborer avec les AS, cadres de sant\u00e9, psychologues, m\u00e9decins, et autres professionnels. <\/li>\n<\/ul>\n\n\n\n<p>Pourquoi nous rejoindre ? <\/p>\n\n\n\n<ul class=\"wp-block-list\">\n<li>Parce que vous souhaitez exercer dans un cadre de travail agr\u00e9able et verdoyant, loin du stress urbain, tout en profitant des avantages d&rsquo;une ville dynamique avec commerces, \u00e9coles et services \u00e0 proximit\u00e9. <\/li>\n\n\n\n<li>Parce que vous aspirez \u00e0 un poste stable avec des horaires en 12h vous permettant de mieux concilier vie professionnelle et personnelle. &#8211; Parce que vous \u00eates passionn\u00e9(e) par le soin et souhaitez faire partie d&rsquo;une \u00e9quipe qui place l&rsquo;humain au centre de ses pr\u00e9occupations.<\/li>\n<\/ul>\n\n\n\n<p>Pr\u00eat(e) \u00e0 relever ce d\u00e9fi ? Rejoignez-nous et faites la diff\u00e9rence chaque jour aupr\u00e8s de nos r\u00e9sidents ! Postulez d\u00e8s maintenant et devenez un acteur cl\u00e9 de notre \u00e9tablissement \u00e0 taille humaine ! <\/p>\n\n\n\n<p><strong>Vous \u00eates int\u00e9ress\u00e9(e) par cette offre et souhaitez faire des vacations ? Inscrivez-vous d\u00e8s aujourd&rsquo;hui sur Hublo, la plateforme qui vous permettra de recevoir en temps r\u00e9el toutes nos propositions de remplacement T\u00e9l\u00e9charger l&rsquo;application ou RDV sur Hublo.com avec le code ER23<\/strong><\/p>\n","protected":false},"excerpt":{"rendered":"<p>Recrutement IDE \u00e0 l&rsquo;EHPAD<\/p>\n","protected":false},"author":2,"featured_media":4602,"comment_status":"closed","ping_status":"open","sticky":false,"template":"","format":"standard","meta":{"_uag_custom_page_level_css":"","site-sidebar-layout":"default","site-content-layout":"","ast-site-content-layout":"default","site-content-style":"default","site-sidebar-style":"default","ast-global-header-display":"","ast-banner-title-visibility":"","ast-main-header-display":"","ast-hfb-above-header-display":"","ast-hfb-below-header-display":"","ast-hfb-mobile-header-display":"","site-post-title":"","ast-breadcrumbs-content":"","ast-featured-img":"disabled","footer-sml-layout":"","ast-disable-related-posts":"","theme-transparent-header-meta":"","adv-header-id-meta":"","stick-header-meta":"","header-above-stick-meta":"","header-main-stick-meta":"","header-below-stick-meta":"","astra-migrate-meta-layouts":"set","ast-page-background-enabled":"default","ast-page-background-meta":{"desktop":{"background-color":"var(--ast-global-color-4)","background-image":"","background-repeat":"repeat","background-position":"center center","background-size":"auto","background-attachment":"scroll","background-type":"","background-media":"","overlay-type":"","overlay-color":"","overlay-opacity":"","overlay-gradient":""},"tablet":{"background-color":"","background-image":"","background-repeat":"repeat","background-position":"center center","background-size":"auto","background-attachment":"scroll","background-type":"","background-media":"","overlay-type":"","overlay-color":"","overlay-opacity":"","overlay-gradient":""},"mobile":{"background-color":"","background-image":"","background-repeat":"repeat","background-position":"center center","background-size":"auto","background-attachment":"scroll","background-type":"","background-media":"","overlay-type":"","overlay-color":"","overlay-opacity":"","overlay-gradient":""}},"ast-content-background-meta":{"desktop":{"background-color":"var(--ast-global-color-5)","background-image":"","background-repeat":"repeat","background-position":"center center","background-size":"auto","background-attachment":"scroll","background-type":"","background-media":"","overlay-type":"","overlay-color":"","overlay-opacity":"","overlay-gradient":""},"tablet":{"background-color":"var(--ast-global-color-5)","background-image":"","background-repeat":"repeat","background-position":"center center","background-size":"auto","background-attachment":"scroll","background-type":"","background-media":"","overlay-type":"","overlay-color":"","overlay-opacity":"","overlay-gradient":""},"mobile":{"background-color":"var(--ast-global-color-5)","background-image":"","background-repeat":"repeat","background-position":"center center","background-size":"auto","background-attachment":"scroll","background-type":"","background-media":"","overlay-type":"","overlay-color":"","overlay-opacity":"","overlay-gradient":""}},"footnotes":""},"categories":[1],"tags":[8,9],"class_list":["post-4597","post","type-post","status-publish","format-standard","has-post-thumbnail","hentry","category-actualites-ehpad-les-signolles-ajain","tag-menus","tag-newsletters"],"uagb_featured_image_src":{"full":["https:\/\/ehpadcentrecreusecombraille.fr\/ehpad-les-signolles\/wp-content\/uploads\/sites\/2\/2026\/02\/Couverture-sites-web-2.png",2000,1429,false],"thumbnail":["https:\/\/ehpadcentrecreusecombraille.fr\/ehpad-les-signolles\/wp-content\/uploads\/sites\/2\/2026\/02\/Couverture-sites-web-2.png",2000,1429,false],"medium":["https:\/\/ehpadcentrecreusecombraille.fr\/ehpad-les-signolles\/wp-content\/uploads\/sites\/2\/2026\/02\/Couverture-sites-web-2.png",2000,1429,false],"medium_large":["https:\/\/ehpadcentrecreusecombraille.fr\/ehpad-les-signolles\/wp-content\/uploads\/sites\/2\/2026\/02\/Couverture-sites-web-2-768x549.png",768,549,true],"large":["https:\/\/ehpadcentrecreusecombraille.fr\/ehpad-les-signolles\/wp-content\/uploads\/sites\/2\/2026\/02\/Couverture-sites-web-2.png",2000,1429,false],"1536x1536":["https:\/\/ehpadcentrecreusecombraille.fr\/ehpad-les-signolles\/wp-content\/uploads\/sites\/2\/2026\/02\/Couverture-sites-web-2-1536x1097.png",1536,1097,true],"2048x2048":["https:\/\/ehpadcentrecreusecombraille.fr\/ehpad-les-signolles\/wp-content\/uploads\/sites\/2\/2026\/02\/Couverture-sites-web-2.png",2000,1429,false]},"uagb_author_info":{"display_name":"azoure","author_link":"https:\/\/ehpadcentrecreusecombraille.fr\/ehpad-les-signolles\/author\/azoure\/"},"uagb_comment_info":0,"uagb_excerpt":"Recrutement IDE \u00e0 l'EHPAD","_links":{"self":[{"href":"https:\/\/ehpadcentrecreusecombraille.fr\/ehpad-les-signolles\/wp-json\/wp\/v2\/posts\/4597","targetHints":{"allow":["GET"]}}],"collection":[{"href":"https:\/\/ehpadcentrecreusecombraille.fr\/ehpad-les-signolles\/wp-json\/wp\/v2\/posts"}],"about":[{"href":"https:\/\/ehpadcentrecreusecombraille.fr\/ehpad-les-signolles\/wp-json\/wp\/v2\/types\/post"}],"author":[{"embeddable":true,"href":"https:\/\/ehpadcentrecreusecombraille.fr\/ehpad-les-signolles\/wp-json\/wp\/v2\/users\/2"}],"replies":[{"embeddable":true,"href":"https:\/\/ehpadcentrecreusecombraille.fr\/ehpad-les-signolles\/wp-json\/wp\/v2\/comments?post=4597"}],"version-history":[{"count":1,"href":"https:\/\/ehpadcentrecreusecombraille.fr\/ehpad-les-signolles\/wp-json\/wp\/v2\/posts\/4597\/revisions"}],"predecessor-version":[{"id":4599,"href":"https:\/\/ehpadcentrecreusecombraille.fr\/ehpad-les-signolles\/wp-json\/wp\/v2\/posts\/4597\/revisions\/4599"}],"wp:featuredmedia":[{"embeddable":true,"href":"https:\/\/ehpadcentrecreusecombraille.fr\/ehpad-les-signolles\/wp-json\/wp\/v2\/media\/4602"}],"wp:attachment":[{"href":"https:\/\/ehpadcentrecreusecombraille.fr\/ehpad-les-signolles\/wp-json\/wp\/v2\/media?parent=4597"}],"wp:term":[{"taxonomy":"category","embeddable":true,"href":"https:\/\/ehpadcentrecreusecombraille.fr\/ehpad-les-signolles\/wp-json\/wp\/v2\/categories?post=4597"},{"taxonomy":"post_tag","embeddable":true,"href":"https:\/\/ehpadcentrecreusecombraille.fr\/ehpad-les-signolles\/wp-json\/wp\/v2\/tags?post=4597"}],"curies":[{"name":"wp","href":"https:\/\/api.w.org\/{rel}","templated":true}]}}